{"id":6443,"date":"2020-02-11T14:03:10","date_gmt":"2020-02-11T13:03:10","guid":{"rendered":"http:\/\/theatrepourrire.com\/?p=6443"},"modified":"2020-02-11T14:03:10","modified_gmt":"2020-02-11T13:03:10","slug":"la-generale-ce-jeudi","status":"publish","type":"post","link":"https:\/\/theatrepourrire.com\/?p=6443","title":{"rendered":"La G\u00e9n\u00e9rale ce jeudi !"},"content":{"rendered":"\n<p>\u00c7a y est, les repr\u00e9sentations commencent ce jeudi 13 f\u00e9vrier 20h45 \u00e0 Cognin, salle de la Forgerie !<br>Merci au Dauphin\u00e9 Lib\u00e9r\u00e9 <\/p>\n\n\n\n<figure class=\"wp-block-image size-large is-resized\"><img loading=\"lazy\" decoding=\"async\" data-attachment-id=\"6444\" data-permalink=\"https:\/\/theatrepourrire.com\/?attachment_id=6444\" data-orig-file=\"https:\/\/theatrepourrire.com\/wp-content\/uploads\/20200107-G\u00e9n\u00e9rale-DL.jpg\" data-orig-size=\"816,1000\" data-comments-opened=\"1\" data-image-meta=\"{&quot;aperture&quot;:&quot;0&quot;,&quot;credit&quot;:&quot;&quot;,&quot;camera&quot;:&quot;&quot;,&quot;caption&quot;:&quot;&quot;,&quot;created_timestamp&quot;:&quot;0&quot;,&quot;copyright&quot;:&quot;&quot;,&quot;focal_length&quot;:&quot;0&quot;,&quot;iso&quot;:&quot;0&quot;,&quot;shutter_speed&quot;:&quot;0&quot;,&quot;title&quot;:&quot;&quot;,&quot;orientation&quot;:&quot;0&quot;}\" data-image-title=\"20200107-G\u00e9n\u00e9rale-DL\" data-image-description=\"\" data-image-caption=\"\" data-large-file=\"https:\/\/theatrepourrire.com\/wp-content\/uploads\/20200107-G\u00e9n\u00e9rale-DL.jpg\" src=\"\/wp-content\/uploads\/20200107-G\u00e9n\u00e9rale-DL.jpg\" alt=\"\" class=\"wp-image-6444\" width=\"416\" height=\"509\" srcset=\"https:\/\/theatrepourrire.com\/wp-content\/uploads\/20200107-G\u00e9n\u00e9rale-DL.jpg 816w, https:\/\/theatrepourrire.com\/wp-content\/uploads\/20200107-G\u00e9n\u00e9rale-DL-245x300.jpg 245w, https:\/\/theatrepourrire.com\/wp-content\/uploads\/20200107-G\u00e9n\u00e9rale-DL-768x941.jpg 768w, https:\/\/theatrepourrire.com\/wp-content\/uploads\/20200107-G\u00e9n\u00e9rale-DL-122x150.jpg 122w\" sizes=\"auto, (max-width: 416px) 100vw, 416px\" \/><\/figure>\n\n\n\n<p><a rel=\"noreferrer noopener\" href=\"http:\/\/www.ledauphine.com\/savoie\" target=\"_blank\"><\/a>  <\/p>\n","protected":false},"excerpt":{"rendered":"<p>\u00c7a y est, les repr\u00e9sentations commencent ce jeudi 13 f\u00e9vrier 20h45 \u00e0 Cognin, salle de la Forgerie !Merci au Dauphin\u00e9 Lib\u00e9r\u00e9<\/p>\n","protected":false},"author":1,"featured_media":6444,"comment_status":"open","ping_status":"open","sticky":false,"template":"","format":"standard","meta":{"_jetpack_memberships_contains_paid_content":false,"footnotes":""},"categories":[5],"tags":[],"class_list":["post-6443","post","type-post","status-publish","format-standard","has-post-thumbnail","hentry","category-news"],"jetpack_featured_media_url":"https:\/\/theatrepourrire.com\/wp-content\/uploads\/20200107-G\u00e9n\u00e9rale-DL.jpg","jetpack_sharing_enabled":true,"_links":{"self":[{"href":"https:\/\/theatrepourrire.com\/index.php?rest_route=\/wp\/v2\/posts\/6443","targetHints":{"allow":["GET"]}}],"collection":[{"href":"https:\/\/theatrepourrire.com\/index.php?rest_route=\/wp\/v2\/posts"}],"about":[{"href":"https:\/\/theatrepourrire.com\/index.php?rest_route=\/wp\/v2\/types\/post"}],"author":[{"embeddable":true,"href":"https:\/\/theatrepourrire.com\/index.php?rest_route=\/wp\/v2\/users\/1"}],"replies":[{"embeddable":true,"href":"https:\/\/theatrepourrire.com\/index.php?rest_route=%2Fwp%2Fv2%2Fcomments&post=6443"}],"version-history":[{"count":0,"href":"https:\/\/theatrepourrire.com\/index.php?rest_route=\/wp\/v2\/posts\/6443\/revisions"}],"wp:featuredmedia":[{"embeddable":true,"href":"https:\/\/theatrepourrire.com\/index.php?rest_route=\/wp\/v2\/media\/6444"}],"wp:attachment":[{"href":"https:\/\/theatrepourrire.com\/index.php?rest_route=%2Fwp%2Fv2%2Fmedia&parent=6443"}],"wp:term":[{"taxonomy":"category","embeddable":true,"href":"https:\/\/theatrepourrire.com\/index.php?rest_route=%2Fwp%2Fv2%2Fcategories&post=6443"},{"taxonomy":"post_tag","embeddable":true,"href":"https:\/\/theatrepourrire.com\/index.php?rest_route=%2Fwp%2Fv2%2Ftags&post=6443"}],"curies":[{"name":"wp","href":"https:\/\/api.w.org\/{rel}","templated":true}]}}